{"id":174,"date":"2012-02-26T22:17:36","date_gmt":"2012-02-26T22:17:36","guid":{"rendered":"http:\/\/beta.charbelnahas.org\/?p=174"},"modified":"2012-03-02T17:48:26","modified_gmt":"2012-03-02T17:48:26","slug":"etude-physique-et-socio-economique-detaillee-de-la-region-du-haut-batroun","status":"publish","type":"post","link":"http:\/\/charbelnahas.org\/?p=174&amp;lang=fr","title":{"rendered":"\u00c9tude physique et socio-\u00e9conomique d\u00e9taill\u00e9e de la r\u00e9gion du Haut Batroun"},"content":{"rendered":"<p>Tannourine et les villages environnants dans la haute montagne libanaise<\/p>\n<div dir=\"ltr\">2005<\/div>\n<div dir=\"ltr\">\n<p>Du fait de l\u2019implication de l\u2019auteur dans les deux projets et conform\u00e9ment aux d\u00e9sirs de la Direction G\u00e9n\u00e9rale de l\u2019Urbanisme, ce travail local est le premier \u00e0 s\u2019inscrire dans le cadre du sch\u00e9ma d\u2019Am\u00e9nagement du Territoire\u00a0; il constitue \u00e0 ce titre un exemple type.<\/p>\n<p>La r\u00e9gion concern\u00e9e est propos\u00e9e dans le cadre du\u00a0<a href=\"https:\/\/charbelnahas.org\/spip.php?article13\">SDATL<\/a>\u00a0comme un des principaux \u00ab\u00a0Parcs Naturels r\u00e9gionaux\u00a0\u00bb du pays.<\/p>\n<p><a href=\"https:\/\/charbelnahas.org\/textes\/Amenagement_et_urbanisme\/Tannourine\/Tannourine_Index.pdf\">Table des mati\u00e8res<\/a>\u00a0[68,5 Ko &#8211; en arabe]<strong><a href=\"https:\/\/charbelnahas.org\/textes\/Amenagement_et_urbanisme\/Tannourine\/Tannourine_Part_1.pdf\">1. Donn\u00e9es physiques du site<\/a><\/strong>\u00a0[14,8 Mo &#8211; en arabe]<\/p>\n<p><strong><a href=\"https:\/\/charbelnahas.org\/textes\/Amenagement_et_urbanisme\/Tannourine\/Tannourine_Part_2.pdf\">2. Occupation du sol et des b\u00e2timents<\/a><\/strong>\u00a0[1,4 Mo &#8211; en arabe]<\/p>\n<p><strong><a href=\"https:\/\/charbelnahas.org\/textes\/Amenagement_et_urbanisme\/Tannourine\/Tannourine_Part_3.pdf\">3. Etat des constructions et des logements<\/a><\/strong>\u00a0[473 Ko &#8211; en arabe]<\/p>\n<p><strong><a href=\"https:\/\/charbelnahas.org\/textes\/Amenagement_et_urbanisme\/Tannourine\/Tannourine_Part_4.pdf\">4. D\u00e9mographie, r\u00e9sidence, \u00e9migration<\/a><\/strong>\u00a0[293 Ko &#8211; en arabe]<\/p>\n<p><strong><a href=\"https:\/\/charbelnahas.org\/textes\/Amenagement_et_urbanisme\/Tannourine\/Tannourine_Part_5.pdf\">5. Communications, \u00e9quipements publics et infrastructures<\/a><\/strong>\u00a0[113 Ko &#8211; en arabe]<\/p>\n<p><strong><a href=\"https:\/\/charbelnahas.org\/textes\/Amenagement_et_urbanisme\/Tannourine\/Tannourine_Part_6.pdf\">6. Situation \u00e9conomique<\/a><\/strong>\u00a0[126 Ko &#8211; en arabe]<\/p>\n<p><strong><a href=\"https:\/\/charbelnahas.org\/textes\/Amenagement_et_urbanisme\/Tannourine\/Tannourine_Part_7.pdf\">7. Cadre institutionnel et services sociaux<\/a><\/strong>\u00a0[84 Ko &#8211; en arabe]<\/p>\n<p><strong><a href=\"https:\/\/charbelnahas.org\/textes\/Amenagement_et_urbanisme\/Tannourine\/Tannourine_Part_8.pdf\">8. Sites arch\u00e9ologiques, culturels et naturels, environnement<\/a><\/strong>\u00a0[100 Ko &#8211; en arabe]<\/p>\n<p><strong><a href=\"https:\/\/charbelnahas.org\/textes\/Amenagement_et_urbanisme\/Tannourine\/Tannourine_Part_9.pdf\">9. Conclusions et alternatives d\u2019am\u00e9nagement<\/a><\/strong>\u00a0[14,8 Mo &#8211; en arabe]<\/p>\n<p><strong><a href=\"https:\/\/charbelnahas.org\/textes\/Amenagement_et_urbanisme\/Tannourine\/Tannourine_Annexes.pdf\">10. Annexes<\/a><\/strong>\u00a0[213 Ko &#8211; en arabe]<\/p>\n<div style=\"width: 74px\" class=\"wp-caption aligncenter\"><a href=\"https:\/\/charbelnahas.org\/textes\/Ecrits_sur_l'amenagement_et_l'urbanisme\/Rapp_210803_avec_planches.pdf\"><img loading=\"lazy\" decoding=\"async\" src=\"http:\/\/beta.charbelnahas.org\/wp-content\/uploads\/2012\/02\/PDF-Documents-icon.png\" alt=\"\" width=\"64\" height=\"64\" \/><\/a><p class=\"wp-caption-text\">En Arabe<\/p><\/div>\n<\/div>\n","protected":false},"excerpt":{"rendered":"<p>Tannourine et les villages environnants dans la haute montagne libanaise 2005 Du fait de l\u2019implication de l\u2019auteur dans les deux projets et conform\u00e9ment aux d\u00e9sirs de la Direction G\u00e9n\u00e9rale de l\u2019Urbanisme, ce travail local est le premier \u00e0 s\u2019inscrire dans le cadre du sch\u00e9ma d\u2019Am\u00e9nagement du Territoire\u00a0; il constitue \u00e0 ce titre un exemple type. [&hellip;]<\/p>\n","protected":false},"author":1,"featured_media":314,"comment_status":"open","ping_status":"open","sticky":false,"template":"","format":"standard","meta":{"footnotes":""},"categories":[],"tags":[],"_links":{"self":[{"href":"http:\/\/charbelnahas.org\/index.php?rest_route=\/wp\/v2\/posts\/174"}],"collection":[{"href":"http:\/\/charbelnahas.org\/index.php?rest_route=\/wp\/v2\/posts"}],"about":[{"href":"http:\/\/charbelnahas.org\/index.php?rest_route=\/wp\/v2\/types\/post"}],"author":[{"embeddable":true,"href":"http:\/\/charbelnahas.org\/index.php?rest_route=\/wp\/v2\/users\/1"}],"replies":[{"embeddable":true,"href":"http:\/\/charbelnahas.org\/index.php?rest_route=%2Fwp%2Fv2%2Fcomments&post=174"}],"version-history":[{"count":5,"href":"http:\/\/charbelnahas.org\/index.php?rest_route=\/wp\/v2\/posts\/174\/revisions"}],"predecessor-version":[{"id":407,"href":"http:\/\/charbelnahas.org\/index.php?rest_route=\/wp\/v2\/posts\/174\/revisions\/407"}],"wp:featuredmedia":[{"embeddable":true,"href":"http:\/\/charbelnahas.org\/index.php?rest_route=\/wp\/v2\/media\/314"}],"wp:attachment":[{"href":"http:\/\/charbelnahas.org\/index.php?rest_route=%2Fwp%2Fv2%2Fmedia&parent=174"}],"wp:term":[{"taxonomy":"category","embeddable":true,"href":"http:\/\/charbelnahas.org\/index.php?rest_route=%2Fwp%2Fv2%2Fcategories&post=174"},{"taxonomy":"post_tag","embeddable":true,"href":"http:\/\/charbelnahas.org\/index.php?rest_route=%2Fwp%2Fv2%2Ftags&post=174"}],"curies":[{"name":"wp","href":"https:\/\/api.w.org\/{rel}","templated":true}]}}