{"id":555,"date":"2012-03-04T14:46:45","date_gmt":"2012-03-04T14:46:45","guid":{"rendered":"http:\/\/beta.charbelnahas.org\/?p=555"},"modified":"2012-03-04T14:46:45","modified_gmt":"2012-03-04T14:46:45","slug":"observatoire-de-la-chose-publique-au-liban-macha","status":"publish","type":"post","link":"http:\/\/charbelnahas.org\/?p=555&amp;lang=fr","title":{"rendered":"Observatoire de la Chose Publique au Liban \u2013 Macha\u2019"},"content":{"rendered":"<div dir=\"ltr\">Charte de fondation de l\u2019association<\/div>\n<div dir=\"ltr\">novembre 2006<br \/>\n<!--   --><\/div>\n<div dir=\"ltr\">\n<p>Projet de cr\u00e9ation d\u2019une association de r\u00e9flexion et de recherche sur les questions \u00e9conomiques et socio-politiques pos\u00e9es au Liban et \u00e0 partir du Liban.<\/p>\n<p>Le texte pr\u00e9sente successivement\u00a0:<\/p>\n<ol>\n<li>Les motifs de constitution de l\u2019association<\/li>\n<p>\u200e<\/p>\n<li>La formule<\/li>\n<li>La m\u00e9thodologie de travail<\/li>\n<li>Les axes et les sujets de recherche<\/li>\n<\/ol>\n<\/div>\n<p>&nbsp;<\/p>\n<div>\n<div dir=\"ltr\" align=\"center\">\n<dl>\n<dt><a title=\"PDF - 131.2 ko\" type=\"application\/pdf\" href=\"https:\/\/charbelnahas.org\/textes\/Faits_et_problemes_de_Societe\/Charte_Association_Fr.pdf\"><img loading=\"lazy\" decoding=\"async\" src=\"https:\/\/charbelnahas.org\/dist\/vignettes\/pdf.png\" alt=\"PDF - 131.2 ko\" width=\"64\" height=\"64\" \/><\/a><\/dt>\n<dd>15 p. (en fran\u00e7ais)<\/dd>\n<\/dl>\n<dl>\n<dt><a title=\"PDF - 129.3 ko\" type=\"application\/pdf\" href=\"https:\/\/charbelnahas.org\/textes\/Faits_et_problemes_de_Societe\/Charte_Association_Arabe.pdf\"><img loading=\"lazy\" decoding=\"async\" src=\"https:\/\/charbelnahas.org\/dist\/vignettes\/pdf.png\" alt=\"PDF - 129.3 ko\" width=\"64\" height=\"64\" \/><\/a><\/dt>\n<dd>15 p. (en arabe)<\/dd>\n<\/dl>\n<\/div>\n<\/div>\n","protected":false},"excerpt":{"rendered":"<p>Charte de fondation de l\u2019association novembre 2006 Projet de cr\u00e9ation d\u2019une association de r\u00e9flexion et de recherche sur les questions \u00e9conomiques et socio-politiques pos\u00e9es au Liban et \u00e0 partir du Liban. Le texte pr\u00e9sente successivement\u00a0: Les motifs de constitution de l\u2019association \u200e La formule La m\u00e9thodologie de travail Les axes et les sujets de recherche [&hellip;]<\/p>\n","protected":false},"author":1,"featured_media":299,"comment_status":"closed","ping_status":"open","sticky":false,"template":"","format":"standard","meta":{"footnotes":""},"categories":[],"tags":[],"_links":{"self":[{"href":"http:\/\/charbelnahas.org\/index.php?rest_route=\/wp\/v2\/posts\/555"}],"collection":[{"href":"http:\/\/charbelnahas.org\/index.php?rest_route=\/wp\/v2\/posts"}],"about":[{"href":"http:\/\/charbelnahas.org\/index.php?rest_route=\/wp\/v2\/types\/post"}],"author":[{"embeddable":true,"href":"http:\/\/charbelnahas.org\/index.php?rest_route=\/wp\/v2\/users\/1"}],"replies":[{"embeddable":true,"href":"http:\/\/charbelnahas.org\/index.php?rest_route=%2Fwp%2Fv2%2Fcomments&post=555"}],"version-history":[{"count":1,"href":"http:\/\/charbelnahas.org\/index.php?rest_route=\/wp\/v2\/posts\/555\/revisions"}],"predecessor-version":[{"id":556,"href":"http:\/\/charbelnahas.org\/index.php?rest_route=\/wp\/v2\/posts\/555\/revisions\/556"}],"wp:featuredmedia":[{"embeddable":true,"href":"http:\/\/charbelnahas.org\/index.php?rest_route=\/wp\/v2\/media\/299"}],"wp:attachment":[{"href":"http:\/\/charbelnahas.org\/index.php?rest_route=%2Fwp%2Fv2%2Fmedia&parent=555"}],"wp:term":[{"taxonomy":"category","embeddable":true,"href":"http:\/\/charbelnahas.org\/index.php?rest_route=%2Fwp%2Fv2%2Fcategories&post=555"},{"taxonomy":"post_tag","embeddable":true,"href":"http:\/\/charbelnahas.org\/index.php?rest_route=%2Fwp%2Fv2%2Ftags&post=555"}],"curies":[{"name":"wp","href":"https:\/\/api.w.org\/{rel}","templated":true}]}}