{"id":646,"date":"2012-03-07T11:15:47","date_gmt":"2012-03-07T11:15:47","guid":{"rendered":"http:\/\/beta.charbelnahas.org\/?p=646"},"modified":"2012-03-07T11:15:47","modified_gmt":"2012-03-07T11:15:47","slug":"strategie-de-developpement-social-au-liban","status":"publish","type":"post","link":"http:\/\/charbelnahas.org\/?p=646&amp;lang=fr","title":{"rendered":"Strat\u00e9gie de d\u00e9veloppement Social au Liban"},"content":{"rendered":"<p>&nbsp;<\/p>\n<div dir=\"ltr\">avec \u00ab\u00a0Information International\u00a0\u00bb, pour le Fonds de D\u00e9veloppement Economique et Social, dans le cadre de la convention de financement entre le Gouvernement Libanais et l\u2019Union Europ\u00e9enne<\/div>\n<div dir=\"ltr\"><\/div>\n<div dir=\"ltr\">septembre 2004<\/div>\n<p>&nbsp;<\/p>\n<p>Ce rapport formule une strat\u00e9gie de d\u00e9veloppement social au Liban destin\u00e9e \u00e0 orienter l\u2019action du Gouvernement en g\u00e9n\u00e9ral et du Fonds de D\u00e9veloppement Economique et Social (constitu\u00e9 en partenariat avec l\u2019Union Europ\u00e9enne) en particulier.<\/p>\n<p>Il comporte deux parties\u00a0:<\/p>\n<p><a href=\"https:\/\/charbelnahas.org\/textes\/Faits_et_problemes_de_Societe\/ESFD_Social_strategy_Volume_1.pdf\"><strong>La premi\u00e8re<\/strong><\/a> (136 p. &#8211; en anglais) vise \u00e0 formuler la strat\u00e9gie de d\u00e9veloppement social. Pour cela, elle analyse les relations entre le mod\u00e8le \u00e9conomique et les d\u00e9ficits sociaux, elle \u00e9value l\u2019ad\u00e9quation et l\u2019efficacit\u00e9 des diff\u00e9rents programmes sociaux, tant publics que priv\u00e9s, et propose le cadre institutionnel et les principales lignes d\u2019action pour amender l\u2019orientation du mod\u00e8le socio-\u00e9conomique et d\u00e9finit une batterie d\u2019indicateurs \u00e0 cet effet.<\/p>\n<p><a href=\"https:\/\/charbelnahas.org\/textes\/Faits_et_problemes_de_Societe\/ESFD_Social_strategy_volume_2.pdf\"><strong>La deuxi\u00e8me<\/strong><\/a> (117 p. &#8211; en anglais) vise \u00e0 \u00e9tablir une cartographie des \u00ab\u00a0poches de pauvret\u00e9\u00a0\u00bb et \u00e0 d\u00e9gager les caract\u00e9ristiques socio-\u00e9conomiques des \u00ab\u00a0pauvres\u00a0\u00bb au Liban. Pour cela un indice spatial tr\u00e8s fin de pauvret\u00e9 est construit \u00e0 partir d\u2019indicateurs quantitatifs r\u00e9guliers de consommation (voir les planches) et un ensemble d\u2019\u00e9tudes de terrain sont utilis\u00e9es pour pr\u00e9ciser les caract\u00e9ristiques des \u00ab\u00a0pauvres\u00a0\u00bb notamment en milieu rural et dans certains quartiers p\u00e9ri-urbains.<\/p>\n<p>Les planches SIG pr\u00e9sentent\u00a0:<\/p>\n<ol>\n<li><a href=\"https:\/\/charbelnahas.org\/textes\/Faits_et_problemes_de_Societe\/Cartes_ESFD_Social_Strategy\/composite_index.pdf\">L\u2019indice composite de pauvret\u00e9<\/a><\/li>\n<li><a href=\"https:\/\/charbelnahas.org\/textes\/Faits_et_problemes_de_Societe\/Cartes_ESFD_Social_Strategy\/composite_survey.pdf\">L\u2019indice avec les villages enqu\u00eat\u00e9s<\/a><\/li>\n<li><a href=\"https:\/\/charbelnahas.org\/textes\/Faits_et_problemes_de_Societe\/Cartes_ESFD_Social_Strategy\/ogero_commercial.pdf\">Intensit\u00e9 d\u2019appels commerciaux<\/a><\/li>\n<li><a href=\"https:\/\/charbelnahas.org\/textes\/Faits_et_problemes_de_Societe\/Cartes_ESFD_Social_Strategy\/ogero_residential.pdf\">Intensit\u00e9 d\u2019appels r\u00e9sidentiels<\/a><\/li>\n<li><a href=\"https:\/\/charbelnahas.org\/textes\/Faits_et_problemes_de_Societe\/Cartes_ESFD_Social_Strategy\/POP_DEN.pdf\">Densit\u00e9 de population<\/a><\/li>\n<li><a href=\"https:\/\/charbelnahas.org\/textes\/Faits_et_problemes_de_Societe\/Cartes_ESFD_Social_Strategy\/sewer_connection.pdf\">Taux de connexion aux \u00e9gouts<\/a><\/li>\n<\/ol>\n","protected":false},"excerpt":{"rendered":"<p>&nbsp; avec \u00ab\u00a0Information International\u00a0\u00bb, pour le Fonds de D\u00e9veloppement Economique et Social, dans le cadre de la convention de financement entre le Gouvernement Libanais et l\u2019Union Europ\u00e9enne septembre 2004 &nbsp; Ce rapport formule une strat\u00e9gie de d\u00e9veloppement social au Liban destin\u00e9e \u00e0 orienter l\u2019action du Gouvernement en g\u00e9n\u00e9ral et du Fonds de D\u00e9veloppement Economique et [&hellip;]<\/p>\n","protected":false},"author":1,"featured_media":299,"comment_status":"closed","ping_status":"open","sticky":false,"template":"","format":"standard","meta":{"footnotes":""},"categories":[],"tags":[],"_links":{"self":[{"href":"http:\/\/charbelnahas.org\/index.php?rest_route=\/wp\/v2\/posts\/646"}],"collection":[{"href":"http:\/\/charbelnahas.org\/index.php?rest_route=\/wp\/v2\/posts"}],"about":[{"href":"http:\/\/charbelnahas.org\/index.php?rest_route=\/wp\/v2\/types\/post"}],"author":[{"embeddable":true,"href":"http:\/\/charbelnahas.org\/index.php?rest_route=\/wp\/v2\/users\/1"}],"replies":[{"embeddable":true,"href":"http:\/\/charbelnahas.org\/index.php?rest_route=%2Fwp%2Fv2%2Fcomments&post=646"}],"version-history":[{"count":1,"href":"http:\/\/charbelnahas.org\/index.php?rest_route=\/wp\/v2\/posts\/646\/revisions"}],"predecessor-version":[{"id":647,"href":"http:\/\/charbelnahas.org\/index.php?rest_route=\/wp\/v2\/posts\/646\/revisions\/647"}],"wp:featuredmedia":[{"embeddable":true,"href":"http:\/\/charbelnahas.org\/index.php?rest_route=\/wp\/v2\/media\/299"}],"wp:attachment":[{"href":"http:\/\/charbelnahas.org\/index.php?rest_route=%2Fwp%2Fv2%2Fmedia&parent=646"}],"wp:term":[{"taxonomy":"category","embeddable":true,"href":"http:\/\/charbelnahas.org\/index.php?rest_route=%2Fwp%2Fv2%2Fcategories&post=646"},{"taxonomy":"post_tag","embeddable":true,"href":"http:\/\/charbelnahas.org\/index.php?rest_route=%2Fwp%2Fv2%2Ftags&post=646"}],"curies":[{"name":"wp","href":"https:\/\/api.w.org\/{rel}","templated":true}]}}