{"id":713,"date":"2012-03-26T07:00:50","date_gmt":"2012-03-26T07:00:50","guid":{"rendered":"http:\/\/beta.charbelnahas.org\/?p=713"},"modified":"2012-03-26T07:00:50","modified_gmt":"2012-03-26T07:00:50","slug":"republique-libanaise-revue-de-la-pauvrete","status":"publish","type":"post","link":"http:\/\/charbelnahas.org\/?p=713&amp;lang=fr","title":{"rendered":"R\u00e9publique libanaise : revue de la pauvret\u00e9"},"content":{"rendered":"<p>&nbsp;<\/p>\n<div dir=\"ltr\">Document de la Banque Mondiale<\/div>\n<div dir=\"ltr\">septembre 2000<\/div>\n<p>&nbsp;<\/p>\n<p>Ce travail, r\u00e9alis\u00e9 par le CRI (Consultation and Research Institute sarl) avec la banque Mondiale constitue une revue syst\u00e9matique des donn\u00e9es sur la pauvret\u00e9 au Liban.<\/p>\n<ol>\n<li>Il calcule les indices de pauvret\u00e9 sur la base de la m\u00e9thode des \u00ab\u00a0Besoins Essentiels Non Satisfaits\u00a0\u00bb,<\/li>\n<li>Il en analyse les d\u00e9terminants macro\u00e9conomiques,<\/li>\n<li>Il \u00e9value les programmes de lutte contre la pauvret\u00e9<\/li>\n<li>Et propose des politiques.<\/li>\n<\/ol>\n","protected":false},"excerpt":{"rendered":"<p>&nbsp; Document de la Banque Mondiale septembre 2000 &nbsp; Ce travail, r\u00e9alis\u00e9 par le CRI (Consultation and Research Institute sarl) avec la banque Mondiale constitue une revue syst\u00e9matique des donn\u00e9es sur la pauvret\u00e9 au Liban. Il calcule les indices de pauvret\u00e9 sur la base de la m\u00e9thode des \u00ab\u00a0Besoins Essentiels Non Satisfaits\u00a0\u00bb, Il en analyse [&hellip;]<\/p>\n","protected":false},"author":1,"featured_media":299,"comment_status":"closed","ping_status":"open","sticky":false,"template":"","format":"standard","meta":{"footnotes":""},"categories":[],"tags":[],"_links":{"self":[{"href":"http:\/\/charbelnahas.org\/index.php?rest_route=\/wp\/v2\/posts\/713"}],"collection":[{"href":"http:\/\/charbelnahas.org\/index.php?rest_route=\/wp\/v2\/posts"}],"about":[{"href":"http:\/\/charbelnahas.org\/index.php?rest_route=\/wp\/v2\/types\/post"}],"author":[{"embeddable":true,"href":"http:\/\/charbelnahas.org\/index.php?rest_route=\/wp\/v2\/users\/1"}],"replies":[{"embeddable":true,"href":"http:\/\/charbelnahas.org\/index.php?rest_route=%2Fwp%2Fv2%2Fcomments&post=713"}],"version-history":[{"count":1,"href":"http:\/\/charbelnahas.org\/index.php?rest_route=\/wp\/v2\/posts\/713\/revisions"}],"predecessor-version":[{"id":714,"href":"http:\/\/charbelnahas.org\/index.php?rest_route=\/wp\/v2\/posts\/713\/revisions\/714"}],"wp:featuredmedia":[{"embeddable":true,"href":"http:\/\/charbelnahas.org\/index.php?rest_route=\/wp\/v2\/media\/299"}],"wp:attachment":[{"href":"http:\/\/charbelnahas.org\/index.php?rest_route=%2Fwp%2Fv2%2Fmedia&parent=713"}],"wp:term":[{"taxonomy":"category","embeddable":true,"href":"http:\/\/charbelnahas.org\/index.php?rest_route=%2Fwp%2Fv2%2Fcategories&post=713"},{"taxonomy":"post_tag","embeddable":true,"href":"http:\/\/charbelnahas.org\/index.php?rest_route=%2Fwp%2Fv2%2Ftags&post=713"}],"curies":[{"name":"wp","href":"https:\/\/api.w.org\/{rel}","templated":true}]}}