{"id":799,"date":"2013-06-09T16:03:34","date_gmt":"2013-06-09T16:03:34","guid":{"rendered":"http:\/\/beta.charbelnahas.org\/?p=799"},"modified":"2013-06-10T05:45:03","modified_gmt":"2013-06-10T05:45:03","slug":"appel-pour-sauver-le-liban-et-refonder-letat","status":"publish","type":"post","link":"http:\/\/charbelnahas.org\/?p=799&amp;lang=fr","title":{"rendered":"APPEL POUR SAUVER LE LIBAN ET REFONDER L\u2019ETAT"},"content":{"rendered":"<p>Parce que les Libanais vivent dans la grande angoisse de l\u2019ins\u00e9curit\u00e9 et celle de replonger dans la guerre civile ;<\/p>\n<p>Parce que l\u2019incapacit\u00e9 de l\u2019Etat \u00e0 assurer ses fonctions dans l\u2019ensemble de ses domaines de responsabilit\u00e9, s\u00e9curitaires, politiques, sociaux, le transforme in\u00e9luctablement en \u00ab Etat failli \u00bb ;<\/p>\n<p>Parce que les acteurs du syst\u00e8me politique communautaire imposent aux Libanais l\u2019agenda de leurs divergences et de leurs paris hasardeux ;<\/p>\n<p>Parce que l\u2019illusion de \u00ab l\u2019Etat communautaire \u00bb s\u2019est effondr\u00e9e et que le syst\u00e8me politique a perdu toute l\u00e9gitimit\u00e9 et toute capacit\u00e9 \u00e0 perdurer ;<\/p>\n<p>Parce que sauver le Liban suppose de prendre l\u2019initiative de reb\u00e2tir l\u2019Etat, ainsi que son syst\u00e8me politique, \u00e9conomique et social, sur les bases de la citoyennet\u00e9, de la justice, et de la dignit\u00e9 humaine\u2026<\/p>\n<p><a href=\"http:\/\/beta.charbelnahas.org\/wp-content\/uploads\/2013\/06\/Screen-Shot-2013-06-09-at-6.50.52-PM.png\"><img loading=\"lazy\" decoding=\"async\" class=\"aligncenter size-full wp-image-788\" alt=\"Screen Shot 2013-06-09 at 6.50.52 PM\" src=\"http:\/\/beta.charbelnahas.org\/wp-content\/uploads\/2013\/06\/Screen-Shot-2013-06-09-at-6.50.52-PM.png\" width=\"729\" height=\"277\" srcset=\"http:\/\/charbelnahas.org\/wp-content\/uploads\/2013\/06\/Screen-Shot-2013-06-09-at-6.50.52-PM.png 729w, http:\/\/charbelnahas.org\/wp-content\/uploads\/2013\/06\/Screen-Shot-2013-06-09-at-6.50.52-PM-300x113.png 300w\" sizes=\"(max-width: 729px) 100vw, 729px\" \/><\/a><\/p>\n<p>&nbsp;<\/p>\n<p>&nbsp;<\/p>\n<div id=\"attachment_789\" style=\"width: 89px\" class=\"wp-caption aligncenter\"><a href=\"http:\/\/beta.charbelnahas.org\/wp-content\/uploads\/2013\/06\/nidaa-li-inqaz-loubnan.pdf\"><img loading=\"lazy\" decoding=\"async\" aria-describedby=\"caption-attachment-789\" class=\" wp-image-789   \" alt=\"\u0627\u0644\u0628\u064a\u0627\u0646 \u0628\u0627\u0644\u0644\u063a\u0629 \u0627\u0644\u0639\u0631\u0628\u064a\u0629\" src=\"http:\/\/beta.charbelnahas.org\/wp-content\/uploads\/2013\/06\/pdf.jpeg\" width=\"79\" height=\"83\" \/><\/a><p id=\"caption-attachment-789\" class=\"wp-caption-text\">En Arabe<\/p><\/div>\n<div id=\"attachment_790\" style=\"width: 89px\" class=\"wp-caption aligncenter\"><a href=\"http:\/\/beta.charbelnahas.org\/wp-content\/uploads\/2013\/06\/Appel-pour-saver-le-Liban-et-refonder-lEtat.pdf\"><img loading=\"lazy\" decoding=\"async\" aria-describedby=\"caption-attachment-790\" class=\" wp-image-790   \" alt=\"\u0627\u0644\u0628\u064a\u0627\u0646 \u0628\u0627\u0644\u0644\u063a\u0629 \u0627\u0644\u0641\u0631\u0646\u0633\u064a\u0629\" src=\"http:\/\/beta.charbelnahas.org\/wp-content\/uploads\/2013\/06\/pdf1.jpeg\" width=\"79\" height=\"83\" \/><\/a><p id=\"caption-attachment-790\" class=\"wp-caption-text\">En Francais<\/p><\/div>\n<p><div id=\"attachment_802\" style=\"width: 89px\" class=\"wp-caption aligncenter\"><a href=\"http:\/\/beta.charbelnahas.org\/wp-content\/uploads\/2013\/06\/Nida-English.pdf\"><img loading=\"lazy\" decoding=\"async\" aria-describedby=\"caption-attachment-802\" class=\" wp-image-802   \" alt=\"The Call In English\" src=\"http:\/\/beta.charbelnahas.org\/wp-content\/uploads\/2013\/06\/pdf2.jpeg\" width=\"79\" height=\"83\" \/><\/a><p id=\"caption-attachment-802\" class=\"wp-caption-text\">En Anglais<\/p><\/div><br \/>\n&nbsp;<\/p>\n<p>&nbsp;<\/p>\n","protected":false},"excerpt":{"rendered":"<p>Parce que les Libanais vivent dans la grande angoisse de l\u2019ins\u00e9curit\u00e9 et celle de replonger dans la guerre civile ; Parce que l\u2019incapacit\u00e9 de l\u2019Etat \u00e0 assurer ses fonctions dans l\u2019ensemble de ses domaines de responsabilit\u00e9, s\u00e9curitaires, politiques, sociaux, le transforme in\u00e9luctablement en \u00ab Etat failli \u00bb ; Parce que les acteurs du syst\u00e8me politique [&hellip;]<\/p>\n","protected":false},"author":1,"featured_media":788,"comment_status":"closed","ping_status":"open","sticky":false,"template":"","format":"standard","meta":{"footnotes":""},"categories":[],"tags":[],"_links":{"self":[{"href":"http:\/\/charbelnahas.org\/index.php?rest_route=\/wp\/v2\/posts\/799"}],"collection":[{"href":"http:\/\/charbelnahas.org\/index.php?rest_route=\/wp\/v2\/posts"}],"about":[{"href":"http:\/\/charbelnahas.org\/index.php?rest_route=\/wp\/v2\/types\/post"}],"author":[{"embeddable":true,"href":"http:\/\/charbelnahas.org\/index.php?rest_route=\/wp\/v2\/users\/1"}],"replies":[{"embeddable":true,"href":"http:\/\/charbelnahas.org\/index.php?rest_route=%2Fwp%2Fv2%2Fcomments&post=799"}],"version-history":[{"count":3,"href":"http:\/\/charbelnahas.org\/index.php?rest_route=\/wp\/v2\/posts\/799\/revisions"}],"predecessor-version":[{"id":807,"href":"http:\/\/charbelnahas.org\/index.php?rest_route=\/wp\/v2\/posts\/799\/revisions\/807"}],"wp:featuredmedia":[{"embeddable":true,"href":"http:\/\/charbelnahas.org\/index.php?rest_route=\/wp\/v2\/media\/788"}],"wp:attachment":[{"href":"http:\/\/charbelnahas.org\/index.php?rest_route=%2Fwp%2Fv2%2Fmedia&parent=799"}],"wp:term":[{"taxonomy":"category","embeddable":true,"href":"http:\/\/charbelnahas.org\/index.php?rest_route=%2Fwp%2Fv2%2Fcategories&post=799"},{"taxonomy":"post_tag","embeddable":true,"href":"http:\/\/charbelnahas.org\/index.php?rest_route=%2Fwp%2Fv2%2Ftags&post=799"}],"curies":[{"name":"wp","href":"https:\/\/api.w.org\/{rel}","templated":true}]}}